{"id":719,"date":"2026-08-17T15:53:03","date_gmt":"2026-08-17T15:53:03","guid":{"rendered":"https:\/\/www.lafattoriadelleginestre.com\/web\/?p=719"},"modified":"2026-08-17T15:50:09","modified_gmt":"2026-08-17T15:50:09","slug":"pensiero-2","status":"publish","type":"post","link":"https:\/\/www.lafattoriadelleginestre.com\/web\/2026\/08\/17\/pensiero-2\/","title":{"rendered":"Pensiero"},"content":{"rendered":"<div class=\"postie-post\">\n<div>\n<div><font face=\"Calibri\">  <\/p>\n<table class=\"wysija_block\" cellspacing=\"0\" cellpadding=\"0\" width=\"100%\" align=\"left\" border=\"0\">\n<tbody>\n<tr>\n<td class=\"wysija_divider_container\" valign=\"middle\" width=\"100%\" align=\"left\"><font size=\"3\"><font size=\"3\"><font color=\"#800000\"><font color=\"#800000\" face=\"Century\"><font color=\"#000000\"><font color=\"#000000\"><font size=\"3\" face=\"Century\"><font face=\"Century, serif\"><font size=\"3\"><font face=\"Century, serif\"><font size=\"3\"><font color=\"#800000\" size=\"4\" face=\"Century\"><font face=\"Century, serif\"><font color=\"#800000\" size=\"3\"><font color=\"#000000\" size=\"3\"><span><font face=\"Century\"><span><font face=\"Century\">        <\/p>\n<p><font face=\"Century, serif\"><font color=\"#800000\" size=\"3\"><b><span>I bambini oggi di cosa hanno         bisogno ? <\/span><\/b><\/font><\/font><\/p>\n<p><\/p>\n<p><font face=\"Century, serif\"><font size=\"3\"><span>Non \u00e8 una domanda da considerare con         superficialit\u00e0 oppure da dare per scontata. Rispetto ad altri periodi         storici potremmo dire che i bambini &#8211; almeno oggi e in questa parte di         mondo- abbiano praticamente tutto. Non mancano dei generi di prima         necessit\u00e0, i genitori sono attenti, hanno accesso all&#8217;educazione, allo         sport, alle vacanze e tanto altro. Per\u00f2 queste considerazioni non devono         impedirci di guardare con ancora maggiore attenzione. Ad onore del vero         questa attenzione &nbsp;dovrebbe sempre&nbsp; esprimersi attraverso         lo&nbsp;&#8220;sguardo costante&#8221; di chi, pur con mansioni diverse, si occupa         della crescita delle generazioni future.<\/span><\/font><\/font><\/p>\n<p><font face=\"Century, serif\"><font size=\"3\"><span><i>Dunque : cosa manca?         <\/i><\/span><\/font><\/font><\/p>\n<p><font face=\"Century, serif\"><font size=\"3\"><span>Senza volere fare un mero elenco e soprattutto         senza pensare di essere esaustiva, proverei a tracciare alcune aree degne         di una ancora maggiore attenzione&nbsp;educativa.   <\/span><\/font><\/font><\/p>\n<p><font face=\"Century, serif\"><font size=\"3\"><span>Definirei la prima come <b>Area del         Fare.<\/b><\/span><\/font><\/font><\/p>\n<p><font face=\"Century, serif\"><font size=\"3\"><span>Mi potrete dire che i bambini oggi fanno gi\u00e0         troppo e che hanno tutto il tempo impegnato. Ci\u00f2, in un certo senso , \u00e8         giusto.<\/span><\/font><\/font><\/p>\n<p><span><font face=\"Century, serif\"><font size=\"3\">Ma perch\u00e9 fanno i bambini ? Come fanno ?         <\/span><\/font><\/font><\/P>        <\/p>\n<p><font face=\"Century, serif\"><font size=\"3\"><span>Se il fare \u00e8 soprattutto orientato al         raggiungimento di un obiettivo ( magari uguale per tutti ) va sicuramente         bene, ma potrebbe essere, in qualche modo, riduttivo. I bambini hanno         bisogno anche di <i>\u0093 Fare Esperienziale\u0094 <\/i>.<\/span><\/font><\/font><\/p>\n<p><font face=\"Century, serif\"><font size=\"3\"><span>Un fare nel quale ci si senta liberi di         provare, autorizzati a sbagliare, capaci di confrontarsi con i pari per         immaginare, riorganizzare e progettare.<\/span><\/font><\/font><\/p>\n<p><font face=\"Century, serif\"><font size=\"3\"><span>Un fare di questo tipo, credete, che pu\u00f2         risultare molto formativo per un bambino e pertanto capace di porre le         basi per lo sviluppo di &nbsp;un pensiero pi\u00f9         creativo.<\/span><\/font><\/font><\/p>\n<p><font face=\"Century, serif\"><font size=\"3\"><span>Una seconda area da tenere in grande         considerazione a mio avviso \u00e8 <span>\u0093 <font face=\"Century, serif\"><font size=\"3\"><b>L&#8217; Area del         Sentire\u0094<\/b> .<\/font><\/font><\/span><\/span><\/font><\/font><\/p>\n<p><font face=\"Century, serif\"><font size=\"3\"><span><span><font face=\"Century, serif\"><font size=\"3\">Essa contiene         molti aspetti che vanno dal percepire se stessi, fino a sviluppare un         dialogo pi\u00f9 empatico con gli altri ed il mondo che ci circonda. Oggi si         parla molto di difficolt\u00e0 nella comunicazione e nella relazione, anche         quando essa \u00e8 prevalentemente di tipo ludico. Non si tratta di superare         semplicemente i momenti della crescita che presentano maggiori tratti         egocentrici , ma di educare ed educarci ad un pensiero pi\u00f9 sociale. Un         pensiero che sa realmente vedere l&#8217;altro come risorsa in una prospettiva         che crescendo ci supporter\u00e0 nell&#8217;evitare eccessivi individualismi,         promuovendo lo sviluppo di quella che si definisce come \u0093 <i>intelligenza         sociale<\/i>\u0094. <\/span><\/font><\/font><\/span><\/font><\/font><\/P>        <\/p>\n<p><font face=\"Century, serif\"><font size=\"3\"><span>Vi sar\u00e0 certamente evidente come queste         aree&nbsp; prima citate si esprimono attraverso azioni che avvengono         necessariamente \u0093 in presenza\u0094 e in collaborazione con gli         altri<\/span><\/font><\/font><\/p>\n<p><font face=\"Century, serif\"><font size=\"3\"><span>Attenzione che a mio avviso oggi va tenuta         sempre in grande considerazione, data la presenza di quello che potremmo         definire come un abbondante \u0093affollamento tecnologico\u0094.         <\/span><\/font><\/font><\/p>\n<p><font face=\"Century, serif\"><font size=\"3\"><span>Credo in questa piccola riflessione che sia         utile citare anche quella che io definirei come \u0093<b>Area Ambientale<\/b> \u0093         .<\/span><\/font><\/font><\/p>\n<p><font face=\"Century, serif\"><font size=\"3\"><span>Con essa intendo tutto quello che circonda un         bambino : dagli spazi domestici , ai luoghi che frequenta nel tempo libero         , agli ambienti scolastici . Come sono questi spazi ? Che materiali e         strumenti offrono al bambino, che contatto permettono con la natura, che         metodo praticano ?<\/span><\/font><\/font><\/p>\n<p><font face=\"Century, serif\"><font size=\"3\"><span>Sono&nbsp;domande interessanti ed aspetti da         monitorare.<\/span><\/font><\/font><\/p>\n<p><font face=\"Century, serif\"><font size=\"3\"><span>Senza dimenticare che un ambiente \u00e8 anche         abitato dalle parole, dai valori, dalle abitudini, dai riferimenti         culturali \u0085<font face=\"Century, serif\"><font size=\"3\"><span>Aspetti che contribuiscono a         costruire il mondo culturale, esperienziale e valoriale accanto ad un         bambino.<\/span><\/font><\/font><\/span><\/font><\/font><\/p>\n<p><font face=\"Century, serif\"><font size=\"3\"><span>Spero di essere stata di qualche utilit\u00e0 con         queste semplicissime riflessioni che si pongono l&#8217;obiettivo primario di         essere di buon accompagnamento ai bambini ed alle bambine che crescono         .<\/span><\/font><\/font><\/p>\n<p><\/p>\n<p><font face=\"Century, serif\"><font size=\"3\"><span>Silvana Sperati <\/span><\/font><\/font><\/p>\n<p><font face=\"Century, serif\"><font size=\"3\"><span>Fattoria delle ginestre , 2026&nbsp;         <\/span><\/font><\/font><\/p>\n<p><font face=\"Century, serif\"><font size=\"3\"><span><\/span><\/font><\/font>&nbsp;<\/p>\n<p><font size=\"3\" face=\"Calibri\"><\/font><\/p>\n<p><\/p>\n<p><span><\/span><\/p>\n<p><font size=\"3\" face=\"Calibri\"><\/font><\/p>\n<p><\/p>\n<p><\/p>\n<p><span><font size=\"3\" face=\"Century\"><\/font><\/span><\/p>\n<p><span><font size=\"3\" face=\"Century\"><\/font><\/span><\/p>\n<p><font face=\"Century\"><font face=\"Calibri\"><\/font><br \/><font size=\"3\"><\/font><\/font>        <\/p>\n<p><\/font>        <\/p>\n<p><font size=\"3\" face=\"Century\"><\/font><\/p>\n<p><\/SPAN>        <\/p>\n<p><font size=\"3\" face=\"Century\"><\/font><\/p>\n<p><\/font><\/SPAN><\/font><\/font><\/font><\/font><\/font><\/font><\/font><\/font><\/font><\/font><\/font><\/FONT><\/FONT><\/FONT><\/FONT><\/td>\n<\/tr>\n<\/tbody>\n<\/table>\n<table class=\"wysija_block\" cellspacing=\"0\" cellpadding=\"0\" width=\"100%\" align=\"left\" border=\"0\">\n<tbody>\n<tr>\n<td class=\"wysija_content_container center\" align=\"left\"><span><font><font color=\"#800000\"><font color=\"#800000\"><font color=\"#000000\"><font color=\"#000000\">        <\/p>\n<div class=\"wysija_text_container\" align=\"center\"><font><font color=\"#800000\">        <\/p>\n<div align=\"center\"><font color=\"#800000\"><font color=\"#800000\"><font color=\"#000000\"><font color=\"#000000\"><font color=\"#000000\">        <\/p>\n<p><span><font><font color=\"#000000\"><font size=\"3\"><font face=\"Century\"><\/font><\/font><\/font><\/font><\/span>&nbsp;<\/p>\n<p><span><font><font color=\"#000000\"><font size=\"3\"><font face=\"Century\"><span><\/span><\/font><\/font><\/font><\/font><\/span>&nbsp;<\/p>\n<p><font size=\"3\" face=\"Century\"><\/font><\/p>\n<p><\/font><\/span><\/FONT><\/FONT><font color=\"#000000\"><\/font>        <\/p>\n<p><font size=\"3\" face=\"Century\"><\/font><\/p>\n<p><font size=\"3\" face=\"Century\"><\/font><\/p>\n<p><font color=\"#000000\" size=\"3\" face=\"Century\"><\/font><\/p>\n<p><font color=\"#000000\" size=\"3\" face=\"Century\"><\/font><\/p>\n<p><\/FONT>        <\/p>\n<p><font size=\"3\" face=\"Century\"><\/font><\/p>\n<p><font size=\"3\" face=\"Century\"><\/font><\/p>\n<p><font size=\"3\"><\/font><font face=\"Century\"><\/font>&nbsp;<\/p>\n<p><font size=\"3\" face=\"Century\"><\/font><\/FONT><\/FONT><\/FONT><\/p>\n<\/div>\n<p><\/FONT><\/FONT><\/FONT><\/FONT><\/FONT><\/div>\n<p><\/TD><\/TR><\/TBODY><\/TABLE><\/FONT><\/DIV><\/div>\n<\/div>\n","protected":false},"excerpt":{"rendered":"<p>I bambini oggi di cosa hanno bisogno ? Non \u00e8 una domanda da considerare con superficialit\u00e0 oppure da dare per scontata. Rispetto ad altri periodi storici potremmo dire che i bambini &#8211; almeno oggi e in questa parte di mondo- abbiano praticamente tutto. Non mancano dei generi di prima necessit\u00e0, i genitori sono attenti, hanno accesso all&#8217;educazione, allo sport, alle [&hellip;]<\/p>\n","protected":false},"author":1,"featured_media":0,"comment_status":"closed","ping_status":"open","sticky":false,"template":"","format":"standard","meta":{"ngg_post_thumbnail":0,"footnotes":""},"categories":[8],"tags":[],"class_list":["post-719","post","type-post","status-publish","format-standard","hentry","category-pensieri"],"_links":{"self":[{"href":"https:\/\/www.lafattoriadelleginestre.com\/web\/wp-json\/wp\/v2\/posts\/719","targetHints":{"allow":["GET"]}}],"collection":[{"href":"https:\/\/www.lafattoriadelleginestre.com\/web\/wp-json\/wp\/v2\/posts"}],"about":[{"href":"https:\/\/www.lafattoriadelleginestre.com\/web\/wp-json\/wp\/v2\/types\/post"}],"author":[{"embeddable":true,"href":"https:\/\/www.lafattoriadelleginestre.com\/web\/wp-json\/wp\/v2\/users\/1"}],"replies":[{"embeddable":true,"href":"https:\/\/www.lafattoriadelleginestre.com\/web\/wp-json\/wp\/v2\/comments?post=719"}],"version-history":[{"count":1,"href":"https:\/\/www.lafattoriadelleginestre.com\/web\/wp-json\/wp\/v2\/posts\/719\/revisions"}],"predecessor-version":[{"id":720,"href":"https:\/\/www.lafattoriadelleginestre.com\/web\/wp-json\/wp\/v2\/posts\/719\/revisions\/720"}],"wp:attachment":[{"href":"https:\/\/www.lafattoriadelleginestre.com\/web\/wp-json\/wp\/v2\/media?parent=719"}],"wp:term":[{"taxonomy":"category","embeddable":true,"href":"https:\/\/www.lafattoriadelleginestre.com\/web\/wp-json\/wp\/v2\/categories?post=719"},{"taxonomy":"post_tag","embeddable":true,"href":"https:\/\/www.lafattoriadelleginestre.com\/web\/wp-json\/wp\/v2\/tags?post=719"}],"curies":[{"name":"wp","href":"https:\/\/api.w.org\/{rel}","templated":true}]}}