{"id":718,"date":"2025-11-29T22:34:45","date_gmt":"2025-11-29T22:34:45","guid":{"rendered":"https:\/\/www.lafattoriadelleginestre.com\/web\/?p=718"},"modified":"2025-11-29T22:58:18","modified_gmt":"2025-11-29T22:58:18","slug":"pensiero","status":"publish","type":"post","link":"https:\/\/www.lafattoriadelleginestre.com\/web\/2025\/11\/29\/pensiero\/","title":{"rendered":"Pensiero"},"content":{"rendered":"<div class=\"postie-post\">\n<div>\n<div><font face=Calibri>&nbsp;   <\/p>\n<p style=\"MARGIN-BOTTOM: 0cm; TEXT-DECORATION: none\"><font   face=\"Century, serif\"><font size=3><b><span   style=\"BACKGROUND: #ffffff\">Progettare la festa <\/span><\/b><\/font><\/font><\/p>\n<p   style=\"MARGIN-BOTTOM: 0cm; TEXT-DECORATION: none; FONT-WEIGHT: normal\"><\/p>\n<p style=\"MARGIN-BOTTOM: 0cm; TEXT-DECORATION: none; FONT-WEIGHT: normal\"><font   face=\"Century, serif\"><font size=3><span style=\"BACKGROUND: #ffffff\">A chi non   piace una festa ? Potremmo dire che \u00e8 il desiderio di tutti .   <\/span><\/font><\/font><\/p>\n<p style=\"MARGIN-BOTTOM: 0cm; TEXT-DECORATION: none; FONT-WEIGHT: normal\"><font   face=\"Century, serif\"><font size=3><span style=\"BACKGROUND: #ffffff\">Stiamo a   casa perch\u00e9 \u00e8 festa . Andiamo ad una festa. Facciamo   festa.<\/span><\/font><\/font><\/p>\n<p style=\"MARGIN-BOTTOM: 0cm; TEXT-DECORATION: none; FONT-WEIGHT: normal\"><font   face=\"Century, serif\"><font size=3><span style=\"BACKGROUND: #ffffff\">Non vedo   l&#8217;ora che arrivi la festa . <\/span><\/font><\/font><\/p>\n<p style=\"MARGIN-BOTTOM: 0cm; TEXT-DECORATION: none; FONT-WEIGHT: normal\"><font   face=\"Century, serif\"><font size=3><span style=\"BACKGROUND: #ffffff\"><i>Ma forse   potremmo domandarci quali sono gli ingredienti per costruire una festa<\/i>.   <\/span><\/font><\/font><\/p>\n<p style=\"MARGIN-BOTTOM: 0cm; TEXT-DECORATION: none; FONT-WEIGHT: normal\"><font   face=\"Century, serif\"><font size=3><span style=\"BACKGROUND: #ffffff\">Nel farlo   cercheremo di riflettere in particolare sui bambini. <\/span><\/font><\/font><\/p>\n<p   style=\"MARGIN-BOTTOM: 0cm; TEXT-DECORATION: none; FONT-WEIGHT: normal\"><\/p>\n<p style=\"MARGIN-BOTTOM: 0cm; TEXT-DECORATION: none; FONT-WEIGHT: normal\"><font   face=\"Century, serif\"><font size=3><span style=\"BACKGROUND: #ffffff\">Una festa   deve essere sicuramente un momento di <i>gioia<\/i> , nel quale succede qualcosa   che ci <i>sorprende<\/i>, che non ci aspettiamo. Forse una festa non dovrebbe   capitare sempre, ma dovrebbe essere <i>qualcosa di speciale<\/i> , che   desideriamo, che aspettiamo. <\/span><\/font><\/font><\/p>\n<p style=\"MARGIN-BOTTOM: 0cm; TEXT-DECORATION: none; FONT-WEIGHT: normal\"><font   face=\"Century, serif\"><font size=3><span style=\"BACKGROUND: #ffffff\">Perch\u00e9 ,   provate e pensare , se \u00e8 sempre festa , il senso stesso della festa e quindi   dell&#8217;eccezionalit\u00e0 scompare. Allora potremmo dire che la festa ci aiuta a   <i>costruire il<\/i> <i>desiderio<\/i>. Cosa ne pensate ?   <\/span><\/font><\/font><\/p>\n<p   style=\"MARGIN-BOTTOM: 0cm; TEXT-DECORATION: none; FONT-WEIGHT: normal\"><\/p>\n<p style=\"MARGIN-BOTTOM: 0cm; TEXT-DECORATION: none; FONT-WEIGHT: normal\"><font   face=\"Century, serif\"><font size=3><span style=\"BACKGROUND: #ffffff\">Una festa   deve <i>saper coinvolgere tutti<\/i>, non si pu\u00f2 essere passivi, essere in un   angolo . Perci\u00f2 deve essere organizzata anche con questa attenzione, che usando   un frasario dell&#8217;oggi, definiamo inclusiva. <\/span><\/font><\/font><\/p>\n<p style=\"MARGIN-BOTTOM: 0cm; TEXT-DECORATION: none; FONT-WEIGHT: normal\"><font   face=\"Century, serif\"><font size=3><span style=\"BACKGROUND: #ffffff\">Una festa   poi deve <i>avere un tema<\/i> , non si fa festa a caso ma per qualcosa di ben   preciso. Allora possiamo parlare di una festa di compleanno, una festa per la   classe, una festa per gli amici ma anche una festa per ricorrenze pi\u00f9 specifiche   come una festa per il Carnevale.<\/span><\/font><\/font><\/p>\n<p style=\"MARGIN-BOTTOM: 0cm; TEXT-DECORATION: none; FONT-WEIGHT: normal\"><font   face=\"Century, serif\"><font size=3><span   style=\"BACKGROUND: #ffffff\">Naturalmente si tratta di <i>eventi molto   diversi<\/i> , che richiedono <span style=\"FONT-STYLE: normal\">progetti   diversi<\/span> per cui occorrer\u00e0 immaginare gli spazi, i tempi , le azioni , gli   obiettivi ..e quant&#8217;altro necessario . <\/span><\/font><\/font><\/p>\n<p style=\"MARGIN-BOTTOM: 0cm; TEXT-DECORATION: none; FONT-WEIGHT: normal\"><font   face=\"Century, serif\"><font size=3><span   style=\"BACKGROUND: #ffffff\">Naturalmente una festa deve essere <i>assolutamente   originale<\/i> pensata appositamente per quella occasione, per quella persona o   per quel gruppo . <\/span><\/font><\/font><\/p>\n<p style=\"MARGIN-BOTTOM: 0cm; TEXT-DECORATION: none; FONT-WEIGHT: normal\"><font   face=\"Century, serif\"><font size=3><span style=\"BACKGROUND: #ffffff\">Non hanno   nessun senso una festa fotocopia, anzi tali iniziative svilirebbero lo stesso   concetto di festa, non offrendo nessuna emozione. Perch\u00e9 una festa \u00e8 soprattutto   <i>qualcosa da ricordare e noi ricordiamo quello che ci ha emozionato   <\/i><\/span><\/font><\/font><\/p>\n<p style=\"MARGIN-BOTTOM: 0cm; TEXT-DECORATION: none; FONT-WEIGHT: normal\"><font   face=\"Century, serif\"><font size=3><span style=\"BACKGROUND: #ffffff\">Abbiamo   parlato di questo perch\u00e9 in un bambino che sta costruendo la propria personalit\u00e0   , la propria idea di mondo ogni parola che usiamo ha senso. Se parlo con un   bambino di festa devo offrire poi qualcosa che abbia realmente tali   caratteristiche.<\/span><\/font><\/font><\/p>\n<p style=\"MARGIN-BOTTOM: 0cm; TEXT-DECORATION: none; FONT-WEIGHT: normal\"><font   face=\"Century, serif\"><font size=3><span style=\"BACKGROUND: #ffffff\">Se il   bambino invece trova confusione, caos, magari s&#8217;imbatte anche in qualche azione   sgarbata o poco rispettosa, non \u00e8 coinvolto in nessuna attivit\u00e0 che lo   sorprende, non si diverte, non partecipa&#8230;Ecco questo bambino abbiner\u00e0 alla   parola festa qualcosa che in realt\u00e0 non ha nulla a che vedere con il vero   spirito di un festeggiamento.<\/span><\/font><\/font><\/p>\n<p style=\"MARGIN-BOTTOM: 0cm; TEXT-DECORATION: none; FONT-WEIGHT: normal\"><font   face=\"Century, serif\"><font size=3><span style=\"BACKGROUND: #ffffff\">Perci\u00f2 \u00e8   molto importante usare le parole giuste e soprattutto proporre le attivit\u00e0   giuste. <\/span><\/font><\/font><\/p>\n<p   style=\"MARGIN-BOTTOM: 0cm; TEXT-DECORATION: none; FONT-WEIGHT: normal\"><\/p>\n<p style=\"MARGIN-BOTTOM: 0cm; TEXT-DECORATION: none; FONT-WEIGHT: normal\"><font   face=\"Century, serif\"><font size=3><span style=\"BACKGROUND: #ffffff\">Silvana   Sperati <\/span><\/font><\/font><\/p>\n<p style=\"MARGIN-BOTTOM: 0cm; TEXT-DECORATION: none; FONT-WEIGHT: normal\"><font   face=\"Century, serif\"><font size=3><span style=\"BACKGROUND: #ffffff\">per   Fattoria delle ginestre , 2025   <\/span><\/font><\/font><\/p>\n<p><\/font><\/div>\n<\/div>\n<\/div>\n","protected":false},"excerpt":{"rendered":"<p>&nbsp; Progettare la festa A chi non piace una festa ? Potremmo dire che \u00e8 il desiderio di tutti . Stiamo a casa perch\u00e9 \u00e8 festa . Andiamo ad una festa. Facciamo festa. Non vedo l&#8217;ora che arrivi la festa . Ma forse potremmo domandarci quali sono gli ingredienti per costruire una festa. Nel farlo cercheremo di riflettere in particolare [&hellip;]<\/p>\n","protected":false},"author":1,"featured_media":0,"comment_status":"closed","ping_status":"open","sticky":false,"template":"","format":"standard","meta":{"ngg_post_thumbnail":0,"footnotes":""},"categories":[8],"tags":[],"class_list":["post-718","post","type-post","status-publish","format-standard","hentry","category-pensieri"],"_links":{"self":[{"href":"https:\/\/www.lafattoriadelleginestre.com\/web\/wp-json\/wp\/v2\/posts\/718","targetHints":{"allow":["GET"]}}],"collection":[{"href":"https:\/\/www.lafattoriadelleginestre.com\/web\/wp-json\/wp\/v2\/posts"}],"about":[{"href":"https:\/\/www.lafattoriadelleginestre.com\/web\/wp-json\/wp\/v2\/types\/post"}],"author":[{"embeddable":true,"href":"https:\/\/www.lafattoriadelleginestre.com\/web\/wp-json\/wp\/v2\/users\/1"}],"replies":[{"embeddable":true,"href":"https:\/\/www.lafattoriadelleginestre.com\/web\/wp-json\/wp\/v2\/comments?post=718"}],"version-history":[{"count":0,"href":"https:\/\/www.lafattoriadelleginestre.com\/web\/wp-json\/wp\/v2\/posts\/718\/revisions"}],"wp:attachment":[{"href":"https:\/\/www.lafattoriadelleginestre.com\/web\/wp-json\/wp\/v2\/media?parent=718"}],"wp:term":[{"taxonomy":"category","embeddable":true,"href":"https:\/\/www.lafattoriadelleginestre.com\/web\/wp-json\/wp\/v2\/categories?post=718"},{"taxonomy":"post_tag","embeddable":true,"href":"https:\/\/www.lafattoriadelleginestre.com\/web\/wp-json\/wp\/v2\/tags?post=718"}],"curies":[{"name":"wp","href":"https:\/\/api.w.org\/{rel}","templated":true}]}}