{"id":650,"date":"2024-08-12T12:09:09","date_gmt":"2024-08-12T12:09:09","guid":{"rendered":"https:\/\/www.lafattoriadelleginestre.com\/web\/?p=650"},"modified":"2024-08-12T11:33:24","modified_gmt":"2024-08-12T11:33:24","slug":"la-qualita-del-tempo-dei-bambini","status":"publish","type":"post","link":"https:\/\/www.lafattoriadelleginestre.com\/web\/2024\/08\/12\/la-qualita-del-tempo-dei-bambini\/","title":{"rendered":"&#8220;La qualit\u00e0 del  tempo dei bambini&#8221;"},"content":{"rendered":"<div class=\"postie-post\">\n<div>\n<div><font face=Calibri><\/font>&nbsp;<\/div>\n<div style=\"FONT: 10pt Tahoma\">\n<div>&nbsp;<\/div>\n<\/div>\n<div><font face=Calibri><\/font>&nbsp;<\/div>\n<div style=\"FONT: 10pt Tahoma\"><font face=Calibri><\/font>&nbsp;<\/div>\n<p><span   style=\"BACKGROUND: #ffffff; PADDING-BOTTOM: 0px; PADDING-TOP: 0px; PADDING-LEFT: 0px; MARGIN: 0px; DISPLAY: block; PADDING-RIGHT: 0px\">  <\/p>\n<table id=wysija_wrapper cellspacing=0 cellpadding=0 width=\"100%\" border=0>\n<tbody>\n<tr>\n<td valign=top align=center>\n<table cellspacing=0 cellpadding=0 width=600 align=center border=0>\n<tbody>\n<tr>\n<td style=\"MIN-WIDTH: 600px\" valign=top width=600 align=center>\n<p class=wysija_viewbrowser_container               style=\"FONT-SIZE: 11px; BORDER-TOP: 0px; FONT-FAMILY: Arial, 'Helvetica Neue', Helvetica, sans-serif; BORDER-RIGHT: 0px; BORDER-BOTTOM: 0px; COLOR: #000000 !important; PADDING-BOTTOM: 8px; TEXT-ALIGN: center; PADDING-TOP: 8px; PADDING-LEFT: 8px; BORDER-LEFT: 0px; PADDING-RIGHT: 8px; BACKGROUND-COLOR: #ffffff\"><font               size=3 face=Calibri><\/font>&nbsp;<\/p>\n<\/td>\n<\/tr>\n<tr>\n<td style=\"MIN-WIDTH: 600px\" valign=top width=600 align=center>\n<table class=wysija_header               style=\"BORDER-TOP: 0px; BORDER-RIGHT: 0px; BORDER-COLLAPSE: collapse; MIN-WIDTH: 100%; BORDER-BOTTOM: 0px; CLEAR: both; BORDER-LEFT: 0px; mso-table-lspace: 0pt; mso-table-rspace: 0pt\"               cellspacing=0 cellpadding=0 width=\"100%\" align=center border=0>\n<tbody>\n<tr>\n<td class=wysija_header_container                   style=\"FONT-SIZE: 1px; BORDER-TOP: 0px; BORDER-RIGHT: 0px; MIN-WIDTH: 100%; BORDER-BOTTOM: 0px; BORDER-LEFT: 0px; LINE-HEIGHT: 1%; BACKGROUND-COLOR: #ffffff; mso-line-height-rule: exactly\"                   height=1 align=left><img decoding=\"async\" class=image_fix                     style=\"TEXT-DECORATION: none; BORDER-TOP: 0px; HEIGHT: 83px; BORDER-RIGHT: 0px; WIDTH: 147px; BORDER-BOTTOM: 0px; OUTLINE-WIDTH: 0px; OUTLINE-STYLE: none; BORDER-LEFT: 0px; DISPLAY: block; OUTLINE-COLOR: invert; -MS-INTERPOLATION-MODE: bicubic\"                     border=0 alt=\"\"                     src=\"http:\/\/www.lafattoriadelleginestre.com\/wp-content\/uploads\/2015\/12\/logo.jpg\"                     width=147 height=83> <\/td>\n<\/tr>\n<\/tbody>\n<\/table>\n<\/td>\n<\/tr>\n<tr>\n<td style=\"MIN-WIDTH: 600px\" valign=top width=600 align=left>\n<table class=wysija_block               style=\"BORDER-TOP: 0px; BORDER-RIGHT: 0px; BORDER-COLLAPSE: collapse; MIN-WIDTH: 100%; BORDER-BOTTOM: 0px; CLEAR: both; BORDER-LEFT: 0px; mso-table-lspace: 0pt; mso-table-rspace: 0pt\"               cellspacing=0 cellpadding=0 width=\"100%\" align=left border=0>\n<tbody>\n<tr>\n<td class=\"wysija_content_container center\"                   style=\"BORDER-TOP: 0px; BORDER-RIGHT: 0px; BORDER-COLLAPSE: collapse; BORDER-BOTTOM: 0px; PADDING-BOTTOM: 10px; PADDING-TOP: 10px; PADDING-LEFT: 17px; BORDER-LEFT: 0px; PADDING-RIGHT: 17px; BACKGROUND-COLOR: #ffffff\"                   align=left>\n<div class=wysija_text_container>\n<h1                     style=\"FONT-SIZE: 34px; BORDER-TOP: 0px; FONT-FAMILY: Arial, 'Helvetica Neue', Helvetica, sans-serif; BORDER-RIGHT: 0px; BORDER-BOTTOM: 0px; FONT-WEIGHT: normal; COLOR: #000000 !important; PADDING-BOTTOM: 0px; FONT-STYLE: normal; PADDING-TOP: 0px; PADDING-LEFT: 0px; MARGIN: 0px; BORDER-LEFT: 0px; LETTER-SPACING: normal; LINE-HEIGHT: 125%; PADDING-RIGHT: 0px; BACKGROUND-COLOR: #ffffff; mso-line-height-rule: exactly; -mso-line-height-rule: exactly\"><span                     style=\"COLOR: rgb(53,99,19)\"><em><strong>La Fattoria delle                     Ginestre<\/strong><\/em><\/span><\/h1>\n<h2                     style=\"FONT-SIZE: 16px; BORDER-TOP: 0px; FONT-FAMILY: Arial, 'Helvetica Neue', Helvetica, sans-serif; BORDER-RIGHT: 0px; BORDER-BOTTOM: 0px; FONT-WEIGHT: normal; COLOR: #424242 !important; PADDING-BOTTOM: 0px; FONT-STYLE: normal; PADDING-TOP: 0px; PADDING-LEFT: 0px; MARGIN: 0px; BORDER-LEFT: 0px; LETTER-SPACING: normal; LINE-HEIGHT: 125%; PADDING-RIGHT: 0px; BACKGROUND-COLOR: #ffffff; mso-line-height-rule: exactly; -mso-line-height-rule: exactly\"><span                     style=\"COLOR: rgb(128,128,128)\"><strong>Fattoria didattica &#8211;                     Agriturismo culturale &nbsp;&#8211; Formazione<br                     style=\"BORDER-TOP: 0px; BORDER-RIGHT: 0px; BORDER-BOTTOM: 0px; PADDING-BOTTOM: 0px; PADDING-TOP: 0px; PADDING-LEFT: 0px; MARGIN: 0px; BORDER-LEFT: 0px; LINE-HEIGHT: 150%; PADDING-RIGHT: 0px; mso-line-height-rule: exactly; -mso-line-height-rule: exactly\"><\/strong><\/span><span                     style=\"COLOR: rgb(128,128,128)\"><strong>Progetti creativi,                     educativi,               ricreativi<\/strong><\/span><\/h2>\n<\/div>\n<\/td>\n<\/tr>\n<\/tbody>\n<\/table>\n<table class=wysija_block               style=\"BORDER-TOP: 0px; BORDER-RIGHT: 0px; BORDER-COLLAPSE: collapse; MIN-WIDTH: 100%; BORDER-BOTTOM: 0px; CLEAR: both; BORDER-LEFT: 0px; mso-table-lspace: 0pt; mso-table-rspace: 0pt\"               cellspacing=0 cellpadding=0 width=\"100%\" align=left border=0>\n<tbody>\n<tr                 style=\"FONT-SIZE: 1px; mso-line-height-alt: 0; mso-margin-top-alt: 1px\">\n<td class=wysija_divider_container                   style=\"BORDER-TOP: 0px; HEIGHT: 25px; BORDER-RIGHT: 0px; BORDER-BOTTOM: 0px; PADDING-BOTTOM: 15px; PADDING-TOP: 15px; PADDING-LEFT: 17px; BORDER-LEFT: 0px; PADDING-RIGHT: 17px; BACKGROUND-COLOR: #ffffff\"                   valign=middle width=\"100%\" align=left>\n<div align=center><font size=3 face=Calibri><\/font><img decoding=\"async\"                     class=image_fix                     style=\"TEXT-DECORATION: none; BORDER-TOP: 0px; HEIGHT: 25px; BORDER-RIGHT: 0px; WIDTH: 564px; BORDER-BOTTOM: 0px; OUTLINE-WIDTH: 0px; OUTLINE-STYLE: none; BORDER-LEFT: 0px; DISPLAY: block; OUTLINE-COLOR: invert; -MS-INTERPOLATION-MODE: bicubic\"                     border=0 alt=---                     src=\"http:\/\/www.lafattoriadelleginestre.com\/wp-content\/uploads\/wysija\/dividers\/business.png\"                     width=564 height=25> <\/div>\n<\/td>\n<\/tr>\n<\/tbody>\n<\/table>\n<table class=wysija_block               style=\"BORDER-TOP: 0px; BORDER-RIGHT: 0px; BORDER-COLLAPSE: collapse; MIN-WIDTH: 100%; BORDER-BOTTOM: 0px; CLEAR: both; BORDER-LEFT: 0px; mso-table-lspace: 0pt; mso-table-rspace: 0pt\"               cellspacing=0 cellpadding=0 width=\"100%\" align=left border=0>\n<tbody>\n<tr>\n<td class=\"wysija_content_container center\"                   style=\"BORDER-TOP: 0px; BORDER-RIGHT: 0px; BORDER-COLLAPSE: collapse; BORDER-BOTTOM: 0px; PADDING-BOTTOM: 10px; PADDING-TOP: 10px; PADDING-LEFT: 17px; BORDER-LEFT: 0px; PADDING-RIGHT: 17px; BACKGROUND-COLOR: #ffffff\"                   align=left>\n<div class=wysija_text_container><font face=Century><font                     face=Century><font face=Century><span                     style=\"FONT-FAMILY: Calibri\"><font                     style=\"BACKGROUND-COLOR: #ffffff\"><font size=2><font                     face=Century><font color=#800000 size=3><font                     face=Century><font color=#000000><\/font>                    <\/p>\n<div>\n<div><font color=#800000 size=4><font color=#000000><font                     size=3>&nbsp;<\/font>                     <\/p>\n<p style=\"MARGIN-BOTTOM: 0cm\"><b><font color=#993300>La                     qualit\u00e0 del &nbsp;tempo dei bambini <\/font><\/b><\/p>\n<p style=\"MARGIN-BOTTOM: 0cm\"><\/p>\n<p style=\"MARGIN-BOTTOM: 0cm\">Oggi la questione del tempo \u00e8                     faccenda delicata e come tale va considerata . Per molti                     genitori si tratta, il pi\u00f9 delle volte, di un tempo che \u201c non                     c&#8217;\u00e8 \u201d e questo so che pu\u00f2 essere causa di dispiaceri, in un                     continuo rincorrere ogni cosa e cercare di \u201c fare il massimo                     \u201c. <\/p>\n<p style=\"MARGIN-BOTTOM: 0cm\">Tante volte sento gli adulti                     usare il termine \u201c incastri\u201d per descrivere la minuziosa regia                     di ogni giornata.Sono esperienze che ho provato personalmente                     per cui, ad ogni mamma e ad ogni pap\u00e0, va la mia pi\u00f9 ampia                     solidariet\u00e0 . <\/p>\n<p style=\"MARGIN-BOTTOM: 0cm\">Ma quali sono i tempi dei                     bambini o meglio i tempi con i quali i bambini devono fare i                     conti ? <\/p>\n<p style=\"MARGIN-BOTTOM: 0cm\">Anche qui la faccenda non cambia                     di molto. Oggi i bambini, almeno fino alla scuola primaria,                     sono spesso impegnati a scuola fino alle ore 16 e dopo, come                     si dice , hanno \u201ctutta la settimana organizzata \u201c. Ci\u00f2 stride                     con il modello della scuola elementare di qualche decennio fa                     che vedeva la presenza di un solo docente e un orario                     scolastico molto pi\u00f9 ridotto rispetto a quello attuale.                     Ricordiamo che il \u201ctempo pieno \u201c viene introdotto negli anni                     70 ( legge 820 \\71 ) con l&#8217;obiettivo di migliorare i livelli                     d&#8217; apprendimento e di offrire attivit\u00e0 extracurricolari \u2013 come                     musica, arte, sport- gratuitamente. Invece l&#8217;insegnante unico,                     dopo anni di sperimentazioni, scompare con la legge 148 del                     05.06.96 che vede l&#8217;introduzione del gruppo docenti e del                     \u201cmodulo scolastico\u201d. Dagli anni 70 in poi possiamo dire che                     man mano cambia la societ\u00e0 e cambia anche l&#8217;organizzazione del                     tempo dei bambini con l&#8217;introduzione di un \u201ctempo scuola\u201d che                     gi\u00e0 alla scuola dell&#8217;infanzia, e poi alle elementari ,impegna                     quasi tutta la giornata dei bambini. Una riflessione su questo                     cambiamento fa intuire un possibile aumento della \u201cpressione \u201c                     sui bambini, perch\u00e9 va detto che i bambini ed i loro bisogni                     di fatto rimangono gli stessi. Negli ultimi anni oltre alla                     scuola i bambini vengono spesso coinvolti anche in attivit\u00e0                     extracurricolari che per\u00f2 il pi\u00f9 delle volte rimandano ad un                     curricolo cio\u00e8 ad una serie di apprendimenti , sempre pi\u00f9                     complessi, che il bambino deve padroneggiare. Chi oggi non ha                     in calendario \u2013 oltre alla scuola- un corso di inglese o                     spagnolo, oppure un corso di danza , o ancora un corso di                     nuoto, o forse un corso di scacchi, oppure di pallavolo , o un                     corso di equitazione, oppure uno di pianoforte \u2026? <\/p>\n<p style=\"MARGIN-BOTTOM: 0cm\">Sono tutte attivit\u00e0 interessanti                     a mio avviso , ma \u2013 mi verrebbe da dire \u2013 non sono un po&#8217;                     troppe ? E soprattutto perch\u00e9 non fanno gi\u00e0 parte del                     curricolo scolastico ? <\/p>\n<p style=\"MARGIN-BOTTOM: 0cm\">Le troppe proposte, a mio                     parere, rischiano di diventare faticose per i bambini (                     soprattutto pi\u00f9 piccoli) in particolare <i>quando si esce da                     una dimensione che privilegia la componente ludica<\/i> ,                     l&#8217;esperienza diretta e libera dei bambini, che deve essere                     agita in contesti all&#8217;interno dei quali possono anche proposti                     vari linguaggi e tecniche, ma senza diventare necessariamente                     un percorso curricolare .<\/p>\n<p style=\"MARGIN-BOTTOM: 0cm\">Credo di avere sempre prestato                     attenzione a questo aspetto perch\u00e9 so bene che il bambino ha                     necessit\u00e0 anche di tempi pi\u00f9 lenti e di attivit\u00e0 ( diverse dal                     modello scolastico tradizionale) che gli offrono ampie                     possibilit\u00e0 di sperimentazione e diversificazione delle                     scelte. Proposte che non siano per\u00f2 a \u201c senso unico\u201d , che gli                     consentano anche di \u201csbagliare\u201d per imparare lui stesso dai                     propri errori e che non puntino in modo eccessivo sulla                     performance a tutti i costi. Tali ambiti rispondono                     maggiormente ad un approccio attivo ed indiretto che il                     bambino pu\u00f2 \u201c aggiustare\u201d a seconda della propria personalit\u00e0                     e dei propri bisogni. Ecco io credo che queste siano                     considerazioni di cui dovrebbe tenere conto chi progetta sia                     in ambito scolastico che extrascolastico o familiare . <\/p>\n<p style=\"MARGIN-BOTTOM: 0cm\">La scelta che io faccio , anche                     nell&#8217;ambito dei \u201cprogetti di vacanza estivi\u201d di Fattoria delle                     ginestre , \u00e8 quella di essere un pezzetto della giornata di un                     bambino in modo da lasciare del tempo personale di riposo, di                     ozio, di scoperte da condividere con i genitori, i nonni o i                     vicini di casa .So che non \u00e8 semplice, ma mi pare una scelta                     che risponda ad una sua precisa logica e ad un bisogno reale                     dei bambini. <\/p>\n<p style=\"MARGIN-BOTTOM: 0cm\">Allo stesso tempo durante                     l&#8217;intero anno promuoviamo progetti e appuntamenti per bambini                     , privilegiando spesso i pomeriggi a ridosso dei fine                     settimana , con offerte che non puntano tanto ai risultati, al                     curricolo e alla performance uguale per tutti ( o quella nella                     quale \u00e8 importante essere i pi\u00f9 bravi ) ma piuttosto a creare                     degli spazi di benessere , di \u201c stacco\u201d da un quotidiano che                     spesso ci porta a vivere dentro a \u201c quattro mura \u201c, per                     riappropriarci di un tempo lento, utile per l&#8217;azione,                     l&#8217;osservazione e la riflessione che scaturisce con naturalezza                     .<\/p>\n<p style=\"MARGIN-BOTTOM: 0cm\">E&#8217; proprio qui, a mio avviso,                     che pu\u00f2 albergare la creativit\u00e0 . <\/p>\n<p style=\"MARGIN-BOTTOM: 0cm\"><\/p>\n<p style=\"MARGIN-BOTTOM: 0cm\">Silvana Sperati <\/p>\n<p style=\"MARGIN-BOTTOM: 0cm\">La Fattoria delle ginestre <\/p>\n<p style=\"MARGIN-BOTTOM: 0cm\"><\/p>\n<p>&nbsp;<font                     color=#000000>&nbsp;&nbsp;&nbsp;&nbsp;&nbsp;&nbsp;&nbsp;&nbsp;&nbsp;<\/font><\/font><\/font><\/div>\n<\/div>\n<p style=\"MARGIN-BOTTOM: 0cm\"><font color=#000000 size=3                     face=Calibri><\/font><font color=#000000 size=3                     face=Calibri><\/font><br \/><font                     color=#000000><\/font><\/font><\/P><\/font><\/font><\/font><\/font><\/span><\/font><\/font><\/font>                    <\/p>\n<p                     style=\"WORD-WRAP: break-word; FONT-SIZE: 18px; BORDER-TOP: 0px; FONT-FAMILY: Arial, 'Helvetica Neue', Helvetica, sans-serif; BORDER-RIGHT: 0px; VERTICAL-ALIGN: top; BORDER-BOTTOM: 0px; COLOR: #000000 !important; PADDING-BOTTOM: 0px; PADDING-TOP: 0px; PADDING-LEFT: 0px; MARGIN: 1em 0px; BORDER-LEFT: 0px; LETTER-SPACING: normal; LINE-HEIGHT: 150%; PADDING-RIGHT: 0px; BACKGROUND-COLOR: #ffffff; mso-line-height-rule: exactly; -mso-line-height-rule: exactly\"><font                     style=\"BACKGROUND-COLOR: #ffffff\" size=2><\/font><font                     face=Century><\/font>&nbsp;<\/p>\n<p class=align-center                     style=\"WORD-WRAP: break-word; FONT-SIZE: 18px; BORDER-TOP: 0px; FONT-FAMILY: Arial, 'Helvetica Neue', Helvetica, sans-serif; BORDER-RIGHT: 0px; VERTICAL-ALIGN: top; BORDER-BOTTOM: 0px; COLOR: #000000 !important; PADDING-BOTTOM: 0px; TEXT-ALIGN: center; PADDING-TOP: 0px; PADDING-LEFT: 0px; MARGIN: 1em 0px; BORDER-LEFT: 0px; LETTER-SPACING: normal; LINE-HEIGHT: 150%; PADDING-RIGHT: 0px; BACKGROUND-COLOR: #ffffff; mso-line-height-rule: exactly; -mso-line-height-rule: exactly\"><span                     style=\"FONT-FAMILY: Calibri\"><\/span><font size=3><\/font><font                     face=Century>&nbsp;<font size=3 face=Century><font                     face=Century><span                     style=\"FONT-SIZE: large; FONT-FAMILY: Times New Roman\"><span                     style=\"COLOR: rgb(255,0,255)\"><span                     style=\"FONT-SIZE: large; FONT-FAMILY: Times New Roman\"><span                     style=\"FONT-FAMILY: Calibri\"><span                     style=\"FONT-SIZE: large; FONT-FAMILY: Times New Roman\"><span                     style=\"FONT-FAMILY: Calibri\"><span                     style=\"FONT-SIZE: large; FONT-FAMILY: Times New Roman\"><span                     style=\"FONT-FAMILY: Calibri\"><span                     style=\"FONT-SIZE: large; FONT-FAMILY: Times New Roman\"><span                     style=\"FONT-FAMILY: Calibri\"><span                     style=\"FONT-SIZE: large; FONT-FAMILY: Times New Roman\"><span                     style=\"FONT-SIZE: large; FONT-FAMILY: Times New Roman\"><span                     style=\"FONT-SIZE: large; FONT-FAMILY: Times New Roman\"><span                     style=\"FONT-SIZE: large; FONT-FAMILY: Times New Roman\"><span                     style=\"FONT-SIZE: large; FONT-FAMILY: Times New Roman\"><span                     style=\"FONT-SIZE: large; FONT-FAMILY: Times New Roman\"><span                     style=\"FONT-SIZE: large; FONT-FAMILY: Times New Roman\"><span                     style=\"FONT-SIZE: large; FONT-FAMILY: Times New Roman\"><span                     style=\"FONT-SIZE: large; FONT-FAMILY: Times New Roman\"><span                     style=\"FONT-SIZE: large; FONT-FAMILY: Times New Roman\"><span                     style=\"FONT-SIZE: large; FONT-FAMILY: Times New Roman\"><span                     style=\"FONT-SIZE: large; FONT-FAMILY: Times New Roman\"><span                     style=\"COLOR: rgb(0,0,0)\"><span                     style=\"FONT-FAMILY: Calibri\"><strong><font size=3                     face=Century><font                     face=Century>&nbsp;<\/font><\/font><\/strong><\/span><\/span><\/span><\/span><\/span><\/span><\/span><\/span><\/span><\/span><\/span><\/span><\/span><\/span><\/span><\/span><\/span><\/span><\/span><\/span><\/span><\/span><\/span><\/span><\/font><\/font><\/font><\/p>\n<p                     style=\"WORD-WRAP: break-word; FONT-SIZE: 18px; BORDER-TOP: 0px; FONT-FAMILY: Arial, 'Helvetica Neue', Helvetica, sans-serif; BORDER-RIGHT: 0px; VERTICAL-ALIGN: top; BORDER-BOTTOM: 0px; COLOR: #000000 !important; PADDING-BOTTOM: 0px; PADDING-TOP: 0px; PADDING-LEFT: 0px; MARGIN: 1em 0px; BORDER-LEFT: 0px; LETTER-SPACING: normal; LINE-HEIGHT: 150%; PADDING-RIGHT: 0px; BACKGROUND-COLOR: #ffffff; mso-line-height-rule: exactly; -mso-line-height-rule: exactly\"><font                     face=Century><font face=Century><font face=Century><font                     face=Century><\/font><\/font><\/font><\/font>&nbsp;<\/p>\n<\/div>\n<\/td>\n<\/tr>\n<\/tbody>\n<\/table>\n<table class=wysija_block               style=\"BORDER-TOP: 0px; BORDER-RIGHT: 0px; BORDER-COLLAPSE: collapse; MIN-WIDTH: 100%; BORDER-BOTTOM: 0px; CLEAR: both; BORDER-LEFT: 0px; mso-table-lspace: 0pt; mso-table-rspace: 0pt\"               cellspacing=0 cellpadding=0 width=\"100%\" align=left border=0>\n<tbody>\n<tr                 style=\"FONT-SIZE: 1px; mso-line-height-alt: 0; mso-margin-top-alt: 1px\">\n<td class=wysija_divider_container                   style=\"BORDER-TOP: 0px; HEIGHT: 25px; BORDER-RIGHT: 0px; BORDER-BOTTOM: 0px; PADDING-BOTTOM: 15px; PADDING-TOP: 15px; PADDING-LEFT: 17px; BORDER-LEFT: 0px; PADDING-RIGHT: 17px; BACKGROUND-COLOR: #ffffff\"                   valign=middle width=\"100%\" align=left>\n<div align=center><font face=Century><img decoding=\"async\" class=image_fix                     style=\"TEXT-DECORATION: none; BORDER-TOP: 0px; HEIGHT: 25px; BORDER-RIGHT: 0px; WIDTH: 564px; BORDER-BOTTOM: 0px; OUTLINE-WIDTH: 0px; OUTLINE-STYLE: none; BORDER-LEFT: 0px; DISPLAY: block; OUTLINE-COLOR: invert; -MS-INTERPOLATION-MODE: bicubic\"                     border=0 alt=---                     src=\"http:\/\/www.lafattoriadelleginestre.com\/wp-content\/uploads\/wysija\/dividers\/business.png\"                     width=564 height=25> <\/font><\/div>\n<\/td>\n<\/tr>\n<\/tbody>\n<\/table>\n<\/td>\n<\/tr>\n<tr>\n<td style=\"MIN-WIDTH: 600px\" valign=top width=600 align=center><font               face=Century><\/font><\/td>\n<\/tr>\n<tr>\n<td style=\"MIN-WIDTH: 600px\" valign=top width=600 align=center>\n<p class=wysija_unsubscribe_container               style=\"FONT-SIZE: 12px; BORDER-TOP: 0px; FONT-FAMILY: Verdana, Geneva, sans-serif; BORDER-RIGHT: 0px; BORDER-BOTTOM: 0px; COLOR: #000000 !important; PADDING-BOTTOM: 8px; TEXT-ALIGN: center; PADDING-TOP: 8px; PADDING-LEFT: 8px; BORDER-LEFT: 0px; PADDING-RIGHT: 8px; BACKGROUND-COLOR: #ffffff\">&nbsp;<\/p>\n<\/td>\n<\/tr>\n<\/tbody>\n<\/table>\n<\/td>\n<\/tr>\n<\/tbody>\n<\/table>\n<p><\/span><img decoding=\"async\"   border=0 alt=\"\"   src=\"http:\/\/www.lafattoriadelleginestre.com\/?email_id=351&amp;user_id=960&amp;controller=stats&amp;action=analyse&amp;wysija-page=1&amp;render=1&amp;wysijap=subscriptions-11\"   width=39 height=1> <\/div>\n<\/div>\n","protected":false},"excerpt":{"rendered":"<p>&nbsp; &nbsp; &nbsp; &nbsp; &nbsp; La Fattoria delle Ginestre Fattoria didattica &#8211; Agriturismo culturale &nbsp;&#8211; FormazioneProgetti creativi, educativi, ricreativi &nbsp; La qualit\u00e0 del &nbsp;tempo dei bambini Oggi la questione del tempo \u00e8 faccenda delicata e come tale va considerata . Per molti genitori si tratta, il pi\u00f9 delle volte, di un tempo che \u201c non c&#8217;\u00e8 \u201d e questo so [&hellip;]<\/p>\n","protected":false},"author":1,"featured_media":0,"comment_status":"closed","ping_status":"open","sticky":false,"template":"","format":"standard","meta":{"ngg_post_thumbnail":0,"footnotes":""},"categories":[8],"tags":[],"class_list":["post-650","post","type-post","status-publish","format-standard","hentry","category-pensieri"],"_links":{"self":[{"href":"https:\/\/www.lafattoriadelleginestre.com\/web\/wp-json\/wp\/v2\/posts\/650","targetHints":{"allow":["GET"]}}],"collection":[{"href":"https:\/\/www.lafattoriadelleginestre.com\/web\/wp-json\/wp\/v2\/posts"}],"about":[{"href":"https:\/\/www.lafattoriadelleginestre.com\/web\/wp-json\/wp\/v2\/types\/post"}],"author":[{"embeddable":true,"href":"https:\/\/www.lafattoriadelleginestre.com\/web\/wp-json\/wp\/v2\/users\/1"}],"replies":[{"embeddable":true,"href":"https:\/\/www.lafattoriadelleginestre.com\/web\/wp-json\/wp\/v2\/comments?post=650"}],"version-history":[{"count":1,"href":"https:\/\/www.lafattoriadelleginestre.com\/web\/wp-json\/wp\/v2\/posts\/650\/revisions"}],"predecessor-version":[{"id":651,"href":"https:\/\/www.lafattoriadelleginestre.com\/web\/wp-json\/wp\/v2\/posts\/650\/revisions\/651"}],"wp:attachment":[{"href":"https:\/\/www.lafattoriadelleginestre.com\/web\/wp-json\/wp\/v2\/media?parent=650"}],"wp:term":[{"taxonomy":"category","embeddable":true,"href":"https:\/\/www.lafattoriadelleginestre.com\/web\/wp-json\/wp\/v2\/categories?post=650"},{"taxonomy":"post_tag","embeddable":true,"href":"https:\/\/www.lafattoriadelleginestre.com\/web\/wp-json\/wp\/v2\/tags?post=650"}],"curies":[{"name":"wp","href":"https:\/\/api.w.org\/{rel}","templated":true}]}}