{"id":537,"date":"2024-01-28T17:16:22","date_gmt":"2024-01-28T17:16:22","guid":{"rendered":"https:\/\/www.lafattoriadelleginestre.com\/web\/?p=537"},"modified":"2024-01-28T17:16:22","modified_gmt":"2024-01-28T17:16:22","slug":"ecco-il-nostro-nuovo-sito","status":"publish","type":"post","link":"https:\/\/www.lafattoriadelleginestre.com\/web\/2024\/01\/28\/ecco-il-nostro-nuovo-sito\/","title":{"rendered":"Ecco il nostro &#8220;nuovo&#8221; sito"},"content":{"rendered":"\n<p class=\"has-medium-font-size wp-block-paragraph\">Ritorniamo on line &#8211; per tutti gli amici e per chi desidera conoscerci &#8211; con un sito &#8220;restaurato&#8221; dalle cure di Michele.<br>A dimostrare che prima noi ci prendiamo cura dei bambini e poi i ragazzi si prendono cura di noi . Molto bello, non trovate ?<\/p>\n\n\n\n<p class=\"has-medium-font-size wp-block-paragraph\">Cosa troverete in questo spazio ?<br>Un racconto di noi attraverso parole ed immagini .<br>Insieme a fotografie di repertorio che rammentano la nostra storia .<br>Oltre 25 anni d&#8217; impegno nella didattica in natura, nella valorizzazione del territorio, nell&#8217;educazione ad un pensiero pi\u00f9 creativo, alla relazione autentica \u2026<\/p>\n\n\n\n<p class=\"has-medium-font-size wp-block-paragraph\">Siamo molto contenti di tutto quello che \u00e8 stato fatto e per questo vogliamo dire grazie ai bambini, alle famiglie, alle insegnanti, alle scuole \u2026<br>perch\u00e9 senza la loro vicinanza preziosa nulla di tutto ci\u00f2 si sarebbe potuto concretizzare.<br>Proprio perch\u00e9 siamo consapevoli dell&#8217;importanza di fare assieme vi proponiamo dei piccoli spazi d&#8217;interattivit\u00e0 : &#8220;agor\u00e0&#8221; un servizio di news letter che non solo vi racconter\u00e0 le iniziative, ma prover\u00e0 a proporvi anche alcune riflessioni da condividere sulle tematiche pi\u00f9 urgenti<br>e poi lo spazio &#8221; alcuni pensieri &#8221; che trovate qui direttamente sul sito per alcuni approfondimenti.<br>Non dimenticate gli spazi social dove , ogni tanto , torneremo on line con le &#8220;dirette &#8221; che ci permetteranno di chiacchierare con tutti voi.<\/p>\n\n\n\n<p class=\"has-medium-font-size wp-block-paragraph\">Carissimi vi vogliamo ancora pi\u00f9 vicini e ancora pi\u00f9 appassionati perch\u00e9, non dimentichiamoci che &#8221; i bambini sono il futuro !<br>E noi tutti, assieme, offriremo loro il meglio .<\/p>\n","protected":false},"excerpt":{"rendered":"<p>Ritorniamo on line &#8211; per tutti gli amici e per chi desidera conoscerci &#8211; con un sito &#8220;restaurato&#8221; dalle cure di Michele.A dimostrare che prima noi ci prendiamo cura dei bambini e poi i ragazzi si prendono cura di noi . Molto bello, non trovate ? Cosa troverete in questo spazio ?Un racconto di noi attraverso parole ed immagini .Insieme [&hellip;]<\/p>\n","protected":false},"author":1,"featured_media":0,"comment_status":"closed","ping_status":"open","sticky":false,"template":"","format":"standard","meta":{"ngg_post_thumbnail":0,"footnotes":""},"categories":[1],"tags":[],"class_list":["post-537","post","type-post","status-publish","format-standard","hentry","category-uncategorized"],"_links":{"self":[{"href":"https:\/\/www.lafattoriadelleginestre.com\/web\/wp-json\/wp\/v2\/posts\/537","targetHints":{"allow":["GET"]}}],"collection":[{"href":"https:\/\/www.lafattoriadelleginestre.com\/web\/wp-json\/wp\/v2\/posts"}],"about":[{"href":"https:\/\/www.lafattoriadelleginestre.com\/web\/wp-json\/wp\/v2\/types\/post"}],"author":[{"embeddable":true,"href":"https:\/\/www.lafattoriadelleginestre.com\/web\/wp-json\/wp\/v2\/users\/1"}],"replies":[{"embeddable":true,"href":"https:\/\/www.lafattoriadelleginestre.com\/web\/wp-json\/wp\/v2\/comments?post=537"}],"version-history":[{"count":1,"href":"https:\/\/www.lafattoriadelleginestre.com\/web\/wp-json\/wp\/v2\/posts\/537\/revisions"}],"predecessor-version":[{"id":538,"href":"https:\/\/www.lafattoriadelleginestre.com\/web\/wp-json\/wp\/v2\/posts\/537\/revisions\/538"}],"wp:attachment":[{"href":"https:\/\/www.lafattoriadelleginestre.com\/web\/wp-json\/wp\/v2\/media?parent=537"}],"wp:term":[{"taxonomy":"category","embeddable":true,"href":"https:\/\/www.lafattoriadelleginestre.com\/web\/wp-json\/wp\/v2\/categories?post=537"},{"taxonomy":"post_tag","embeddable":true,"href":"https:\/\/www.lafattoriadelleginestre.com\/web\/wp-json\/wp\/v2\/tags?post=537"}],"curies":[{"name":"wp","href":"https:\/\/api.w.org\/{rel}","templated":true}]}}