{"id":529,"date":"2024-01-28T17:05:46","date_gmt":"2024-01-28T17:05:46","guid":{"rendered":"https:\/\/www.lafattoriadelleginestre.com\/web\/?p=529"},"modified":"2024-01-29T21:00:32","modified_gmt":"2024-01-29T21:00:32","slug":"quando-iniziare-uneducazione-al-pensiero-creativo","status":"publish","type":"post","link":"https:\/\/www.lafattoriadelleginestre.com\/web\/2024\/01\/28\/quando-iniziare-uneducazione-al-pensiero-creativo\/","title":{"rendered":"Quando iniziare un&#8217;educazione al pensiero creativo ?"},"content":{"rendered":"\n<p class=\"has-small-font-size wp-block-paragraph\"><em>Articolo storico,  <strong>dicembre 2018<\/strong><\/em><\/p>\n\n\n\n<!DOCTYPE html>\n<html>\n  <head>\n    <meta http-equiv=\"content-type\" content=\"text\/html; charset=UTF-8\">\n    <title><\/title>\n  <\/head>\n  <body>\n    <p><font face=\"Century, serif\"><b>Quando\n          iniziare un&#8217;educazione al pensiero creativo ? <\/b> <\/font>\n    <\/p><br>\n    <p><font face=\"Century, serif\">Questa <span style=\"letter-spacing: -0.3pt\">\n        <\/span>\u00e8<span style=\"letter-spacing: -0.3pt\"> una <\/span>domanda<span style=\"letter-spacing: -0.2pt\">\n        <\/span>che<span style=\"letter-spacing: -0.1pt\"> <\/span>mi sento fare<span\n\n          style=\"letter-spacing: -0.1pt\">\n        <\/span>molto spesso. La<span style=\"letter-spacing: -0.1pt\"> <\/span>risposta<span\n\n          style=\"letter-spacing: -0.1pt\">\n        <\/span>pu\u00f2 essere<span style=\"letter-spacing: -0.1pt\"> <\/span>una<span\n\n          style=\"letter-spacing: -0.1pt\">\n        <\/span>sola<span style=\"letter-spacing: 0.1pt\"> <\/span>: da subito e<span\n\n          style=\"letter-spacing: 0.1pt\">\n        <\/span><span style=\"letter-spacing: -0.5pt\">,<\/span>addirittura, da<span\n\n          style=\"letter-spacing: -0.1pt\">\n        <\/span>quando il bimbo<span style=\"letter-spacing: -0.1pt\"> <\/span>\u00e8<span\n\n          style=\"letter-spacing: -0.1pt\">\n        <\/span>ancora<span style=\"letter-spacing: -0.1pt\"> <\/span>nella<span style=\"letter-spacing: -0.1pt\">\n        <\/span>pancia<span style=\"letter-spacing: -0.1pt\"> <\/span>della<span style=\"letter-spacing: -0.1pt\">\n        <\/span>mamma. Tanti sono<span style=\"letter-spacing: -0.1pt\"> <\/span>gli\nstimoli\n        che<span style=\"letter-spacing: -0.1pt\"> <\/span><span style=\"letter-spacing: -0.3pt\">pu\u00f2\n        <\/span>recepire<span style=\"letter-spacing: -0.3pt\"> <\/span>e che lo<span\n\n          style=\"letter-spacing: -0.1pt\">\n        <\/span>possono<span style=\"letter-spacing: -0.1pt\"> <\/span>influenzare\n        , come ci sottolinea la pi\u00f9 recente ricerca scientifica<span style=\"letter-spacing: -0.1pt\">.\n        <\/span>In tutto questo non vi \u00e8 nessuna forzatura, ma assoluta\n        naturalezza. Ci\u00f2 si basa sul fatto che la creativit\u00e0 non va intesa\n        solo come un prodotto o<span style=\"letter-spacing: 2.0pt\"> <\/span>un\n        oggetto &#8211;<span style=\"letter-spacing: 2.0pt\"> <\/span>per quanto\n        possa essere bello ed innovativo<span style=\"letter-spacing: -0.2pt\">\n        <\/span>dal<span style=\"letter-spacing: -0.2pt\"> <\/span>punto<span style=\"letter-spacing: -0.2pt\">\n        <\/span>di<span style=\"letter-spacing: -0.2pt\"> <\/span>vista<span style=\"letter-spacing: -0.2pt\">\n        <\/span>educativo-<span style=\"letter-spacing: 2.0pt\"> ma <\/span>va<span\n\n          style=\"letter-spacing: -0.2pt\">\n        <\/span>inteso<span style=\"letter-spacing: -0.1pt\"> <\/span>soprattutto<span\n\n          style=\"letter-spacing: -0.2pt\">\n        <\/span>come<span style=\"letter-spacing: -0.2pt\"> l<\/span>a<span style=\"letter-spacing: -0.2pt\">\n        <\/span>rappresentazione<span style=\"letter-spacing: -0.2pt\"> <\/span>visibile<span\n\n          style=\"letter-spacing: -0.2pt\">\n        <\/span>di un pensiero.<span style=\"letter-spacing: 4.0pt\"> <\/span>Quindi\nquando\n        si parla di creativit\u00e0 \u00e8 bene immaginarla in connessione\n        con il pensiero, quindi potremmo dire che ogni individuo esprime un\n        pensiero che pu\u00f2 essere pi\u00f9 o meno creativo . Ci si pu\u00f2\n        giustamente domandare : <i>a cosa serve un pensiero pi\u00f9 creativo ?<\/i><span\n\n          style=\"letter-spacing: 4.0pt\"><i>\n          <\/i><\/span> Ricordiamo che lo stesso<span style=\"letter-spacing: -0.2pt\">\n        <\/span>Piaget<span style=\"letter-spacing: -0.2pt\"> <\/span>non<span style=\"letter-spacing: -0.2pt\">\n        <\/span>distingueva<span style=\"letter-spacing: -0.2pt\"> <\/span>la<span\n\n          style=\"letter-spacing: -0.2pt\">\n        <\/span>parola<span style=\"letter-spacing: -0.3pt\"> <\/span>pensiero<span\n\n          style=\"letter-spacing: -0.1pt\">\n        <\/span>dal<span style=\"letter-spacing: -0.2pt\"> <\/span>termine<span style=\"letter-spacing: -0.1pt\">\n        <\/span>creativit\u00e0<span style=\"letter-spacing: -0.2pt\"> <\/span>per<span\n\n          style=\"letter-spacing: -0.2pt\">\n        <\/span>sottolineare<span style=\"letter-spacing: -0.2pt\"> <\/span>che<span\n\n          style=\"letter-spacing: -0.2pt\">\n        <\/span>sono la stessa cosa. questo aspetto potrebbe apparirci con\n        maggiore chiarezza se separassimo il termine creativit\u00e0 dal\n        manufatto che potrebbe rappresentarlo o, peggio, da quello che si\n        definisce come \u201clavoretto&#8221;.<span style=\"letter-spacing: 4.0pt\">\n        <\/span>Se ci domandiamo a cosa serve la creativit\u00e0<span style=\"letter-spacing: 2.0pt\">\n        <\/span>non possiamo evitare di osservare<span style=\"letter-spacing: 2.0pt\">\n        <\/span>nella realt\u00e0 odierna il continuo<span style=\"letter-spacing: 2.0pt\">\n        <\/span>cambiamento di scenari e prospettive, che rendono\n        difficoltoso<span style=\"letter-spacing: 2.0pt\"> <\/span>fare progetti\n        anche a breve termine. Per questo diventa evidente che se<span style=\"letter-spacing: 2.0pt\">\n        <\/span>un individuo, per esempio di 20 anni, non possieder\u00e0<span style=\"letter-spacing: 2.0pt\">\n        <\/span>una mente elastica e creativa, capace di adattarsi\n        flessibilmente ai cambiamenti, probabilmente non sar\u00e0 in grado<span style=\"letter-spacing: -0.1pt\">\n        <\/span>di<span style=\"letter-spacing: -0.1pt\"> <\/span>garantirsi<span style=\"letter-spacing: -0.1pt\">\n        <\/span>una<span style=\"letter-spacing: -0.2pt\"> discreta <\/span>qualit\u00e0<span\n\n          style=\"letter-spacing: -0.1pt\">\n        <\/span>di<span style=\"letter-spacing: -0.1pt\"> <\/span>vita<span style=\"letter-spacing: -0.1pt\">.\n        <\/span>La<span style=\"letter-spacing: -0.2pt\"> <\/span>creativit\u00e0<span style=\"letter-spacing: -0.2pt\">\n        <\/span>ci<span style=\"letter-spacing: -0.1pt\"> <\/span>aiuter\u00e0<span style=\"letter-spacing: -0.2pt\">\n        <\/span>a<span style=\"letter-spacing: -0.2pt\"> <\/span>vivere<span style=\"letter-spacing: -0.2pt\">\n          meglio<\/span>,<span style=\"letter-spacing: -0.1pt\"> <\/span>ad\n        affrontare<span style=\"letter-spacing: -0.1pt\"> <\/span>i problemi e a\n        trovare, di volta in volta, le soluzioni migliori. Se riflettiamo ci\n        appare chiaro che il pensiero si educa attraverso l&#8217;azione,\n        soprattutto quando un bambino \u00e8 piccolo. Quindi la domanda\n        successiva sar\u00e0: quali azioni , quali esperienze<span style=\"letter-spacing: 2.0pt\">\n        <\/span>\u00e8 bene siano proposti ai bambini? Per<span style=\"letter-spacing: -0.1pt\">\n        <\/span>esempio<span style=\"letter-spacing: -0.1pt\"> <\/span>se<span style=\"letter-spacing: -0.2pt\">\n        <\/span>un<span style=\"letter-spacing: -0.1pt\"> <\/span>bambino,<span style=\"letter-spacing: -0.1pt\">\n        <\/span>ancora<span style=\"letter-spacing: -0.2pt\"> <\/span>quando \u00e8<span\n\n          style=\"letter-spacing: -0.2pt\">\n        <\/span>in<span style=\"letter-spacing: -0.1pt\"> <\/span>culla, avr\u00e0<span\n\n          style=\"letter-spacing: -0.2pt\">\n        <\/span>la<span style=\"letter-spacing: -0.2pt\"> <\/span>possibilit\u00e0<span\n\n          style=\"letter-spacing: -0.2pt\">\n        <\/span>di<span style=\"letter-spacing: -0.1pt\"> <\/span>conoscere<span style=\"letter-spacing: -0.2pt\">\n        <\/span>materiali diversi : la seta , la spugna naturale, la stoffa\n        pesante del cappotto, un foglio di carta colorata&#8230;..potr\u00e0<span style=\"letter-spacing: -0.2pt\">\n        <\/span>assumere<span style=\"letter-spacing: -0.1pt\"> <\/span>informazioni<span\n\n          style=\"letter-spacing: -0.1pt\">\n        <\/span>molto<span style=\"letter-spacing: -0.1pt\"> <\/span>pi\u00f9<span style=\"letter-spacing: -0.1pt\">\n        <\/span>ricche che<span style=\"letter-spacing: -0.1pt\"> <\/span>se<span style=\"letter-spacing: -0.1pt\">\n        <\/span>giocasse<span style=\"letter-spacing: -0.1pt\"> <\/span>solo con<span\n\n          style=\"letter-spacing: -0.1pt\">\n        <\/span>oggetti<span style=\"letter-spacing: -0.1pt\"> <\/span>di\n        plastica. Per<span style=\"letter-spacing: -0.1pt\"> <\/span>questo<span style=\"letter-spacing: -0.1pt\">\n        <\/span>\u00e8<span style=\"letter-spacing: -0.1pt\"> <\/span>bene<span style=\"letter-spacing: -0.2pt\">\n        <\/span>parlare<span style=\"letter-spacing: -0.2pt\"> <\/span>di<span style=\"letter-spacing: -0.1pt\">\n        <\/span>sensibilizzazione<span style=\"letter-spacing: -0.1pt\"> <\/span>alla<span\n\n          style=\"letter-spacing: -0.2pt\">\n        <\/span>creativit\u00e0,<span style=\"letter-spacing: -0.1pt\"> <\/span>in<span\n\n          style=\"letter-spacing: -0.1pt\">\n        <\/span>modo<span style=\"letter-spacing: -0.1pt\"> <\/span>molto<span style=\"letter-spacing: -0.1pt\">\n        <\/span>naturale,<span style=\"letter-spacing: -0.1pt\"> <\/span>gi\u00e0 nei\n        bambini piccini. Ovviamente questo lo si pu\u00f2 fare attraverso azioni\n        completamente diverse, ma occorre<span style=\"letter-spacing: -0.2pt\">\n        <\/span>una<span style=\"letter-spacing: -0.2pt\"> <\/span>grande<span style=\"letter-spacing: -0.1pt\">\n        <\/span>competenza<span style=\"letter-spacing: -0.2pt\"> <\/span>dell&#8217;adulto<span\n\n          style=\"letter-spacing: -0.2pt\">\n        <\/span>che<span style=\"letter-spacing: -0.2pt\"> deve saper\n          privilegiare <\/span>un<span style=\"letter-spacing: -0.2pt\"> <\/span>approccio<span\n\n          style=\"letter-spacing: -0.2pt\">\n        <\/span>sempre<span style=\"letter-spacing: -0.3pt\"> <\/span>globale,<span\n\n          style=\"letter-spacing: -0.2pt\">\n        <\/span>capace di<span style=\"letter-spacing: 2.0pt\"> <\/span>sottolineare\nin\n        qualsiasi circostanza gli elementi di maggiore interesse che\n        emergono dal fare.<\/font><\/p>\n    <p style=\"letter-spacing: 1.5pt\"><br>\n      <br>\n    <\/p>\n    <p><font face=\"Century, serif\">Silvana<span style=\"letter-spacing: -0.1pt\">\n        <\/span>Sperati<span style=\"letter-spacing: -0.1pt\"> <\/span>per\n        Fattoria<span style=\"letter-spacing: -0.2pt\"> <\/span>delle<span style=\"letter-spacing: -0.1pt\">\n        <\/span><span style=\"letter-spacing: -0.1pt\">ginestre <\/span><span style=\"letter-spacing: -0.1pt\">(\n          dicembre, 2018)<\/span><\/font><\/p>\n    \n    <p><\/p>\n  <\/body>\n<\/html>\n","protected":false},"excerpt":{"rendered":"<p>Articolo storico, dicembre 2018 Quando iniziare un&#8217;educazione al pensiero creativo ? Questa \u00e8 una domanda che mi sento fare molto spesso. La risposta pu\u00f2 essere una sola : da subito e ,addirittura, da quando il bimbo \u00e8 ancora nella pancia della mamma. Tanti sono gli stimoli che pu\u00f2 recepire e che lo possono influenzare , come ci sottolinea la pi\u00f9 [&hellip;]<\/p>\n","protected":false},"author":1,"featured_media":0,"comment_status":"closed","ping_status":"open","sticky":false,"template":"","format":"standard","meta":{"ngg_post_thumbnail":0,"footnotes":""},"categories":[7],"tags":[],"class_list":["post-529","post","type-post","status-publish","format-standard","hentry","category-archivio-articoli-storici"],"_links":{"self":[{"href":"https:\/\/www.lafattoriadelleginestre.com\/web\/wp-json\/wp\/v2\/posts\/529","targetHints":{"allow":["GET"]}}],"collection":[{"href":"https:\/\/www.lafattoriadelleginestre.com\/web\/wp-json\/wp\/v2\/posts"}],"about":[{"href":"https:\/\/www.lafattoriadelleginestre.com\/web\/wp-json\/wp\/v2\/types\/post"}],"author":[{"embeddable":true,"href":"https:\/\/www.lafattoriadelleginestre.com\/web\/wp-json\/wp\/v2\/users\/1"}],"replies":[{"embeddable":true,"href":"https:\/\/www.lafattoriadelleginestre.com\/web\/wp-json\/wp\/v2\/comments?post=529"}],"version-history":[{"count":4,"href":"https:\/\/www.lafattoriadelleginestre.com\/web\/wp-json\/wp\/v2\/posts\/529\/revisions"}],"predecessor-version":[{"id":565,"href":"https:\/\/www.lafattoriadelleginestre.com\/web\/wp-json\/wp\/v2\/posts\/529\/revisions\/565"}],"wp:attachment":[{"href":"https:\/\/www.lafattoriadelleginestre.com\/web\/wp-json\/wp\/v2\/media?parent=529"}],"wp:term":[{"taxonomy":"category","embeddable":true,"href":"https:\/\/www.lafattoriadelleginestre.com\/web\/wp-json\/wp\/v2\/categories?post=529"},{"taxonomy":"post_tag","embeddable":true,"href":"https:\/\/www.lafattoriadelleginestre.com\/web\/wp-json\/wp\/v2\/tags?post=529"}],"curies":[{"name":"wp","href":"https:\/\/api.w.org\/{rel}","templated":true}]}}